{"id":5342,"date":"2024-06-23T21:36:32","date_gmt":"2024-06-23T19:36:32","guid":{"rendered":"https:\/\/www.historischer-chiemgau.de\/?p=5342"},"modified":"2025-09-19T01:43:28","modified_gmt":"2025-09-18T23:43:28","slug":"projekte","status":"publish","type":"post","link":"https:\/\/www.historischer-chiemgau.de\/?p=5342","title":{"rendered":"Projekte"},"content":{"rendered":"\n<p><strong>80 Jahre Kriegsende (2025) &#8211; DM80<\/strong> &#8211; <strong>Abgeschlossen<\/strong><\/p>\n\n\n\n<figure class=\"wp-block-image size-large\"><img loading=\"lazy\" decoding=\"async\" width=\"1024\" height=\"884\" src=\"https:\/\/www.historischer-chiemgau.de\/wp-content\/uploads\/2024\/06\/DM-Logo-FINAL-jpg-1024x884.jpg\" alt=\"\" class=\"wp-image-5349\" srcset=\"https:\/\/www.historischer-chiemgau.de\/wp-content\/uploads\/2024\/06\/DM-Logo-FINAL-jpg-1024x884.jpg 1024w, https:\/\/www.historischer-chiemgau.de\/wp-content\/uploads\/2024\/06\/DM-Logo-FINAL-jpg-300x259.jpg 300w, https:\/\/www.historischer-chiemgau.de\/wp-content\/uploads\/2024\/06\/DM-Logo-FINAL-jpg-768x663.jpg 768w, https:\/\/www.historischer-chiemgau.de\/wp-content\/uploads\/2024\/06\/DM-Logo-FINAL-jpg-508x438.jpg 508w, https:\/\/www.historischer-chiemgau.de\/wp-content\/uploads\/2024\/06\/DM-Logo-FINAL-jpg.jpg 1212w\" sizes=\"(max-width: 1024px) 100vw, 1024px\" \/><\/figure>\n\n\n\n<p>Aufgrund der engen Freundschaft und Zusammenarbeit von Historischer Chiemgau und der aus den USA ans\u00e4ssigen Veteranengruppe der 20. US Panzerdivison wurde ich, Christian Focke, in ein internationales Komitee eingeladen um bei den Planungen zum 80. Gedenktag zur Befreiung des KZ-Dachaus, Schlacht um M\u00fcnchen sowie einer Chiemgau-Tour ma\u00dfgebend mitzuwirken.<\/p>\n\n\n\n<div data-wp-interactive=\"\" class=\"wp-block-file\"><object data-wp-bind--hidden=\"!selectors.core.file.hasPdfPreview\" hidden class=\"wp-block-file__embed\" data=\"https:\/\/www.historischer-chiemgau.de\/wp-content\/uploads\/2024\/06\/Focke-authorization-letter.pdf\" type=\"application\/pdf\" style=\"width:100%;height:600px\" aria-label=\"Einbettung von Focke-authorization-letter.\"><\/object><a id=\"wp-block-file--media-d9fbbd0a-2856-42ec-9ff6-11d6195607cf\" href=\"https:\/\/www.historischer-chiemgau.de\/wp-content\/uploads\/2024\/06\/Focke-authorization-letter.pdf\">Focke-authorization-letter<\/a><a href=\"https:\/\/www.historischer-chiemgau.de\/wp-content\/uploads\/2024\/06\/Focke-authorization-letter.pdf\" class=\"wp-block-file__button wp-element-button\" download aria-describedby=\"wp-block-file--media-d9fbbd0a-2856-42ec-9ff6-11d6195607cf\">Herunterladen<\/a><\/div>\n\n\n\n<p>__________________________________________________________________________________________________________________<\/p>\n\n\n\n<figure class=\"wp-block-image size-large\"><img loading=\"lazy\" decoding=\"async\" width=\"1024\" height=\"378\" src=\"https:\/\/www.historischer-chiemgau.de\/wp-content\/uploads\/2024\/06\/20th-1024x378.jpg\" alt=\"\" class=\"wp-image-5353\" srcset=\"https:\/\/www.historischer-chiemgau.de\/wp-content\/uploads\/2024\/06\/20th-1024x378.jpg 1024w, https:\/\/www.historischer-chiemgau.de\/wp-content\/uploads\/2024\/06\/20th-300x111.jpg 300w, https:\/\/www.historischer-chiemgau.de\/wp-content\/uploads\/2024\/06\/20th-768x283.jpg 768w, https:\/\/www.historischer-chiemgau.de\/wp-content\/uploads\/2024\/06\/20th-508x187.jpg 508w, https:\/\/www.historischer-chiemgau.de\/wp-content\/uploads\/2024\/06\/20th.jpg 1101w\" sizes=\"(max-width: 1024px) 100vw, 1024px\" \/><\/figure>\n\n\n\n<p>Seit 2021 steht Historischer Chiemgau mit der 20. US Panzerdivision in engen Austausch. Nach der Schlacht um M\u00fcnchen und der Befreiung des KZ-Dachaus ging es f\u00fcr die Einheiten weiter s\u00fcdw\u00e4rts bis nach Salzburg weiter. Nach Kriegsende war die Einheiten f\u00fcr knapp 3 Monate im Chiemgau stationiert.<\/p>\n\n\n\n<p>Unsere Aufgabe ist es die vielen Bilddokumente zu verifizieren, eventuelle Vergleichsbilder zu erstellen und Hintergrundinformationen zu sammeln. Siehe Beispiel unten.<\/p>\n\n\n\n<figure class=\"wp-block-image size-large\"><img loading=\"lazy\" decoding=\"async\" width=\"1024\" height=\"593\" src=\"https:\/\/www.historischer-chiemgau.de\/wp-content\/uploads\/2024\/06\/106578446_3652368624790637_4056940409864154327_n-1024x593.jpg\" alt=\"\" class=\"wp-image-5355\" srcset=\"https:\/\/www.historischer-chiemgau.de\/wp-content\/uploads\/2024\/06\/106578446_3652368624790637_4056940409864154327_n-1024x593.jpg 1024w, https:\/\/www.historischer-chiemgau.de\/wp-content\/uploads\/2024\/06\/106578446_3652368624790637_4056940409864154327_n-300x174.jpg 300w, https:\/\/www.historischer-chiemgau.de\/wp-content\/uploads\/2024\/06\/106578446_3652368624790637_4056940409864154327_n-768x445.jpg 768w, https:\/\/www.historischer-chiemgau.de\/wp-content\/uploads\/2024\/06\/106578446_3652368624790637_4056940409864154327_n-1240x718.jpg 1240w, https:\/\/www.historischer-chiemgau.de\/wp-content\/uploads\/2024\/06\/106578446_3652368624790637_4056940409864154327_n-508x294.jpg 508w, https:\/\/www.historischer-chiemgau.de\/wp-content\/uploads\/2024\/06\/106578446_3652368624790637_4056940409864154327_n.jpg 1242w\" sizes=\"(max-width: 1024px) 100vw, 1024px\" \/><\/figure>\n\n\n\n<p><strong>__________________________________________________________________________________________________________________<\/strong><\/p>\n\n\n<div class=\"wp-block-image\">\n<figure class=\"aligncenter size-full is-resized\"><img loading=\"lazy\" decoding=\"async\" width=\"675\" height=\"755\" src=\"https:\/\/www.historischer-chiemgau.de\/wp-content\/uploads\/2024\/06\/26168567_1922232607804256_573050840727615290_n.jpg\" alt=\"\" class=\"wp-image-5357\" style=\"width:304px;height:auto\" srcset=\"https:\/\/www.historischer-chiemgau.de\/wp-content\/uploads\/2024\/06\/26168567_1922232607804256_573050840727615290_n.jpg 675w, https:\/\/www.historischer-chiemgau.de\/wp-content\/uploads\/2024\/06\/26168567_1922232607804256_573050840727615290_n-268x300.jpg 268w, https:\/\/www.historischer-chiemgau.de\/wp-content\/uploads\/2024\/06\/26168567_1922232607804256_573050840727615290_n-508x568.jpg 508w\" sizes=\"(max-width: 675px) 100vw, 675px\" \/><\/figure><\/div>\n\n\n<p>Chiemgau Tourenplan zu den Schaupl\u00e4tzen der 20. US Panzerdivision. Erscheint in Deutsch\/Englisch als PDF<\/p>\n\n\n\n<p>_____________________________________________________________________________________________________________<\/p>\n\n\n<div class=\"wp-block-image\">\n<figure class=\"aligncenter size-large is-resized\"><img loading=\"lazy\" decoding=\"async\" width=\"1024\" height=\"735\" src=\"https:\/\/www.historischer-chiemgau.de\/wp-content\/uploads\/2024\/06\/305112025_1154026648485903_2854303624228284024_n-1024x735.jpg\" alt=\"\" class=\"wp-image-5359\" style=\"width:913px;height:auto\" srcset=\"https:\/\/www.historischer-chiemgau.de\/wp-content\/uploads\/2024\/06\/305112025_1154026648485903_2854303624228284024_n-1024x735.jpg 1024w, https:\/\/www.historischer-chiemgau.de\/wp-content\/uploads\/2024\/06\/305112025_1154026648485903_2854303624228284024_n-300x215.jpg 300w, https:\/\/www.historischer-chiemgau.de\/wp-content\/uploads\/2024\/06\/305112025_1154026648485903_2854303624228284024_n-768x551.jpg 768w, https:\/\/www.historischer-chiemgau.de\/wp-content\/uploads\/2024\/06\/305112025_1154026648485903_2854303624228284024_n-1536x1102.jpg 1536w, https:\/\/www.historischer-chiemgau.de\/wp-content\/uploads\/2024\/06\/305112025_1154026648485903_2854303624228284024_n-1240x889.jpg 1240w, https:\/\/www.historischer-chiemgau.de\/wp-content\/uploads\/2024\/06\/305112025_1154026648485903_2854303624228284024_n-508x364.jpg 508w, https:\/\/www.historischer-chiemgau.de\/wp-content\/uploads\/2024\/06\/305112025_1154026648485903_2854303624228284024_n.jpg 2048w\" sizes=\"(max-width: 1024px) 100vw, 1024px\" \/><figcaption class=\"wp-element-caption\">Unterst\u00fctzung bei Erstellung von Schautafeln zur Kasernen- u. Milit\u00e4rgeschichte Traunsteins &#8211; Abgeschlossen<br>_____________________________________________________________________________________________________<\/figcaption><\/figure><\/div>\n\n\n<p><\/p>\n","protected":false},"excerpt":{"rendered":"<p>80 Jahre Kriegsende (2025) &#8211; DM80 &#8211; Abgeschlossen Aufgrund der engen Freundschaft und Zusammenarbeit von Historischer Chiemgau und der aus den USA ans\u00e4ssigen Veteranengruppe der 20. US Panzerdivison wurde ich, Christian Focke, in ein internationales Komitee eingeladen um bei den Planungen zum 80. Gedenktag zur Befreiung des KZ-Dachaus, Schlacht um M\u00fcnchen sowie einer Chiemgau-Tour ma\u00dfgebend [&hellip;]<\/p>\n","protected":false},"author":2,"featured_media":5362,"comment_status":"open","ping_status":"open","sticky":false,"template":"","format":"standard","meta":{"ngg_post_thumbnail":0,"footnotes":""},"categories":[1],"tags":[],"aioseo_notices":[],"_links":{"self":[{"href":"https:\/\/www.historischer-chiemgau.de\/index.php?rest_route=\/wp\/v2\/posts\/5342"}],"collection":[{"href":"https:\/\/www.historischer-chiemgau.de\/index.php?rest_route=\/wp\/v2\/posts"}],"about":[{"href":"https:\/\/www.historischer-chiemgau.de\/index.php?rest_route=\/wp\/v2\/types\/post"}],"author":[{"embeddable":true,"href":"https:\/\/www.historischer-chiemgau.de\/index.php?rest_route=\/wp\/v2\/users\/2"}],"replies":[{"embeddable":true,"href":"https:\/\/www.historischer-chiemgau.de\/index.php?rest_route=%2Fwp%2Fv2%2Fcomments&post=5342"}],"version-history":[{"count":8,"href":"https:\/\/www.historischer-chiemgau.de\/index.php?rest_route=\/wp\/v2\/posts\/5342\/revisions"}],"predecessor-version":[{"id":5631,"href":"https:\/\/www.historischer-chiemgau.de\/index.php?rest_route=\/wp\/v2\/posts\/5342\/revisions\/5631"}],"wp:featuredmedia":[{"embeddable":true,"href":"https:\/\/www.historischer-chiemgau.de\/index.php?rest_route=\/wp\/v2\/media\/5362"}],"wp:attachment":[{"href":"https:\/\/www.historischer-chiemgau.de\/index.php?rest_route=%2Fwp%2Fv2%2Fmedia&parent=5342"}],"wp:term":[{"taxonomy":"category","embeddable":true,"href":"https:\/\/www.historischer-chiemgau.de\/index.php?rest_route=%2Fwp%2Fv2%2Fcategories&post=5342"},{"taxonomy":"post_tag","embeddable":true,"href":"https:\/\/www.historischer-chiemgau.de\/index.php?rest_route=%2Fwp%2Fv2%2Ftags&post=5342"}],"curies":[{"name":"wp","href":"https:\/\/api.w.org\/{rel}","templated":true}]}}