{"id":133,"date":"2023-07-15T23:54:32","date_gmt":"2023-07-15T21:54:32","guid":{"rendered":"https:\/\/chiemgau.server-bock.de\/?p=133"},"modified":"2025-09-21T00:03:38","modified_gmt":"2025-09-20T22:03:38","slug":"christian-focke","status":"publish","type":"post","link":"https:\/\/www.historischer-chiemgau.de\/?p=133","title":{"rendered":"Herzlich Willkommen bei Historischer Chiemgau"},"content":{"rendered":"\n<p>Hier werden alte Erinnerungen, Geschichten und Bilder der Vergangenheit Traunsteins und des Chiemgaus aufgezeigt.<\/p>\n\n\n\n<p>Der Chiemgau kann von einer langen Geschichte erz\u00e4hlen, vieles ist erforscht, einiges noch zu entdecken.<\/p>\n\n\n\n<figure class=\"wp-block-image size-full\"><img loading=\"lazy\" decoding=\"async\" width=\"868\" height=\"652\" src=\"http:\/\/chiemgau.server-bock.de\/wp-content\/uploads\/2023\/07\/IMG-20200809-WA0037.jpg\" alt=\"\" class=\"wp-image-263\" srcset=\"https:\/\/www.historischer-chiemgau.de\/wp-content\/uploads\/2023\/07\/IMG-20200809-WA0037.jpg 868w, https:\/\/www.historischer-chiemgau.de\/wp-content\/uploads\/2023\/07\/IMG-20200809-WA0037-300x225.jpg 300w, https:\/\/www.historischer-chiemgau.de\/wp-content\/uploads\/2023\/07\/IMG-20200809-WA0037-768x577.jpg 768w, https:\/\/www.historischer-chiemgau.de\/wp-content\/uploads\/2023\/07\/IMG-20200809-WA0037-508x382.jpg 508w\" sizes=\"(max-width: 868px) 100vw, 868px\" \/><\/figure>\n\n\n\n<p>Kurze Vorstellung:<\/p>\n\n\n\n<p>Christian Focke, geb\u00fcrtiger Traunsteiner seit 1985, aufgewachsen in einem der \u00e4ltesten H\u00e4user in der unteren Stadt Traunsteins. Seit klein auf an unserer Regionalgeschichte interessiert. Aufgrund meines Interesses an unserer Heimatgeschichte, wollte ich eine Plattform schaffen in denen unbekannte Bilder, Karten und Erinnerungen aus dem Chiemgau gezeigt und erz\u00e4hlt werden k\u00f6nnen. <\/p>\n\n\n\n<p>In unseren alten Fotoalben und Kisten schlummern so manche Fotografien die vielleicht kaum angeschaut werden. Durch die Plattform \u201eHistorischer Chiemgau\u201c konnte bereits viel altes, neu entdeckt werden und jeder kann seine Pers\u00f6nliche Erinnerung mit uns teilen. So bekommt jedes Bild eine Geschichte.<\/p>\n\n\n\n<p>Werdegang Historischer Chiemgau<\/p>\n\n\n\n<ul>\n<li>Gr\u00fcndung Facebookgruppe &#8222;Historischer Chiemgau&#8220; am 04.01.2020 durch Christian Focke<\/li>\n\n\n\n<li>Youtube-Kanal seit 22.05.2021<\/li>\n\n\n\n<li>Instgram-Kanal seit 02.01.2022<\/li>\n\n\n\n<li>Website seit August 2023<\/li>\n<\/ul>\n\n\n\n<figure class=\"wp-block-embed is-type-video is-provider-youtube wp-block-embed-youtube wp-embed-aspect-16-9 wp-has-aspect-ratio\"><div class=\"wp-block-embed__wrapper\">\n<iframe loading=\"lazy\" title=\"Historischer Chiemgau Einladung und Aufruf\" width=\"600\" height=\"338\" src=\"https:\/\/www.youtube.com\/embed\/d-SeahtlOSU?feature=oembed\" frameborder=\"0\" allow=\"accelerometer; autoplay; clipboard-write; encrypted-media; gyroscope; picture-in-picture; web-share\" referrerpolicy=\"strict-origin-when-cross-origin\" allowfullscreen><\/iframe>\n<\/div><figcaption class=\"wp-element-caption\"><strong>Vorstellung von Historischer Chiemgau<\/strong><\/figcaption><\/figure>\n\n\n\n<p>Ihnen gef\u00e4llt Historischer Chiemgau? Gerne k\u00f6nnen Sie mich hier unterst\u00fctzen um mehr Material ordnungsgem\u00e4\u00df aufzubewahren, digitalisieren und aufzubereiten in kleine Beitr\u00e4ge. Vielen Dank!<\/p>\n\n\n\n<p><a href=\"https:\/\/www.gofundme.com\/f\/historischer-chiemgau\">Spendenkampagne von Christian Focke: Historischer Chiemgau (gofundme.com)<\/a><\/p>\n\n\n\n<p><\/p>\n","protected":false},"excerpt":{"rendered":"<p>Hier werden alte Erinnerungen, Geschichten und Bilder der Vergangenheit Traunsteins und des Chiemgaus aufgezeigt. Der Chiemgau kann von einer langen Geschichte erz\u00e4hlen, vieles ist erforscht, einiges noch zu entdecken. Kurze Vorstellung: Christian Focke, geb\u00fcrtiger Traunsteiner seit 1985, aufgewachsen in einem der \u00e4ltesten H\u00e4user in der unteren Stadt Traunsteins. Seit klein auf an unserer Regionalgeschichte interessiert. [&hellip;]<\/p>\n","protected":false},"author":2,"featured_media":0,"comment_status":"closed","ping_status":"open","sticky":true,"template":"","format":"standard","meta":{"ngg_post_thumbnail":0,"footnotes":""},"categories":[1],"tags":[],"aioseo_notices":[],"_links":{"self":[{"href":"https:\/\/www.historischer-chiemgau.de\/index.php?rest_route=\/wp\/v2\/posts\/133"}],"collection":[{"href":"https:\/\/www.historischer-chiemgau.de\/index.php?rest_route=\/wp\/v2\/posts"}],"about":[{"href":"https:\/\/www.historischer-chiemgau.de\/index.php?rest_route=\/wp\/v2\/types\/post"}],"author":[{"embeddable":true,"href":"https:\/\/www.historischer-chiemgau.de\/index.php?rest_route=\/wp\/v2\/users\/2"}],"replies":[{"embeddable":true,"href":"https:\/\/www.historischer-chiemgau.de\/index.php?rest_route=%2Fwp%2Fv2%2Fcomments&post=133"}],"version-history":[{"count":15,"href":"https:\/\/www.historischer-chiemgau.de\/index.php?rest_route=\/wp\/v2\/posts\/133\/revisions"}],"predecessor-version":[{"id":5637,"href":"https:\/\/www.historischer-chiemgau.de\/index.php?rest_route=\/wp\/v2\/posts\/133\/revisions\/5637"}],"wp:attachment":[{"href":"https:\/\/www.historischer-chiemgau.de\/index.php?rest_route=%2Fwp%2Fv2%2Fmedia&parent=133"}],"wp:term":[{"taxonomy":"category","embeddable":true,"href":"https:\/\/www.historischer-chiemgau.de\/index.php?rest_route=%2Fwp%2Fv2%2Fcategories&post=133"},{"taxonomy":"post_tag","embeddable":true,"href":"https:\/\/www.historischer-chiemgau.de\/index.php?rest_route=%2Fwp%2Fv2%2Ftags&post=133"}],"curies":[{"name":"wp","href":"https:\/\/api.w.org\/{rel}","templated":true}]}}